{"id":29363,"date":"2026-04-15T12:43:32","date_gmt":"2026-04-15T10:43:32","guid":{"rendered":"https:\/\/www.disenia.it\/thewellnesscollection\/le-brasero-lumina-expose-a-ladi-design-museum\/"},"modified":"2026-04-20T12:13:26","modified_gmt":"2026-04-20T10:13:26","slug":"el-brasero-lumina-expuesto-en-el-adi-design-museum","status":"publish","type":"post","link":"https:\/\/www.disenia.it\/thewellnesscollection\/es\/el-brasero-lumina-expuesto-en-el-adi-design-museum\/","title":{"rendered":"El brasero Lumina expuesto en el ADI Design Museum"},"content":{"rendered":"<p>El <strong>15 de abril<\/strong>, coincidiendo con el D\u00eda Nacional del Made in Italy y a las puertas de la Milano Design Week, se presenta en el <strong>ADI Design Museum<\/strong> la exposici\u00f3n del <strong>XXIX Premio Compasso d\u2019Oro ADI<\/strong>.\u00a0A trav\u00e9s de los proyectos seleccionados, la muestra propone una reflexi\u00f3n sobre el presente desde la \u00f3ptica del dise\u00f1o, integrando investigaci\u00f3n e innovaci\u00f3n con las nuevas responsabilidades que conectan producci\u00f3n, tecnolog\u00eda y entorno social. Una imagen coral de la escena contempor\u00e1nea que refleja el legado hist\u00f3rico del dise\u00f1o italiano; una tradici\u00f3n que, desde hace m\u00e1s de 70 a\u00f1os, relata la evoluci\u00f3n de nuestro mundo.<\/p>\n<p>&nbsp;<\/p>\n<p>La muestra incluye el <a href=\"https:\/\/www.disenia.it\/thewellnesscollection\/es\/prodotto\/brasero-moderno-lumina\/\" target=\"_blank\" rel=\"noopener\"><strong>brasero Lumina<\/strong><\/a>, una creaci\u00f3n de <strong>Claudio Papa<\/strong> seleccionada por el <strong>Observatorio Permanente del Dise\u00f1o ADI<\/strong>. Tras su inclusi\u00f3n oficial en el <strong>ADI Design Index 2025<\/strong>, la pieza compite ahora por el <strong>Premio Compasso d\u2019Oro ADI 2026<\/strong>.<\/p>\n<p>&nbsp;<\/p>\n<p class=\"p1\"><strong>Cu\u00e1ndo<\/strong>: 16 de abril \u2013 4 de junio de 2026 (de lunes a domingo \/ 10.30 \u2013 20:00, viernes cerrado)<br \/>\n<strong>D\u00f3nde<\/strong>: <a href=\"https:\/\/www.google.com\/maps\/place\/ADI+Design+Museum\/@45.4829139,9.1784854,1462m\/data=!3m2!1e3!4b1!4m6!3m5!1s0x4786c1cab81c5d19:0xa652dcda8808bcc5!8m2!3d45.4829139!4d9.1784854!16s%2Fg%2F11j865xg9n?entry=ttu&amp;g_ep=EgoyMDI2MDQxNS4wIKXMDSoASAFQAw%3D%3D\" target=\"_blank\" rel=\"noopener\">ADI Design Museum, Piazza Compasso D\u2019Oro 1, Mil\u00e1n<\/a><br \/>\n<strong>Inauguraci\u00f3n de la exposici\u00f3n<\/strong>: 15 de abril de 2026, a las 18:00 h<\/p>\n","protected":false},"excerpt":{"rendered":"<p>El 15 de abril, coincidiendo con el D\u00eda Nacional del Made in Italy y a las puertas de la Milano Design Week, se presenta en el ADI Design Museum la exposici\u00f3n del XXIX Premio Compasso d\u2019Oro ADI.\u00a0A trav\u00e9s de los&#8230;<\/p>\n","protected":false},"author":1,"featured_media":29336,"comment_status":"closed","ping_status":"closed","sticky":false,"template":"","format":"standard","meta":{"_acf_changed":false,"inline_featured_image":false,"footnotes":""},"categories":[198],"class_list":["post-29363","post","type-post","status-publish","format-standard","has-post-thumbnail","hentry","category-sin-categorizar"],"acf":[],"yoast_head":"<!-- This site is optimized with the Yoast SEO plugin v26.8 - https:\/\/yoast.com\/product\/yoast-seo-wordpress\/ -->\n<title>El brasero Lumina expuesto en el ADI Design Museum - The Wellness Collection<\/title>\n<meta name=\"description\" content=\"El 15 de abril se presenta en el ADI Design Museum la exposici\u00f3n del XXIX Premio Compasso d\u2019Oro ADI.\u00a0\" \/>\n<meta name=\"robots\" content=\"index, follow, max-snippet:-1, max-image-preview:large, max-video-preview:-1\" \/>\n<link rel=\"canonical\" href=\"https:\/\/www.disenia.it\/thewellnesscollection\/es\/el-brasero-lumina-expuesto-en-el-adi-design-museum\/\" \/>\n<meta property=\"og:locale\" content=\"es_ES\" \/>\n<meta property=\"og:type\" content=\"article\" \/>\n<meta property=\"og:title\" content=\"El brasero Lumina expuesto en el ADI Design Museum - The Wellness Collection\" \/>\n<meta property=\"og:description\" content=\"El 15 de abril se presenta en el ADI Design Museum la exposici\u00f3n del XXIX Premio Compasso d\u2019Oro ADI.\u00a0\" \/>\n<meta property=\"og:url\" content=\"https:\/\/www.disenia.it\/thewellnesscollection\/es\/el-brasero-lumina-expuesto-en-el-adi-design-museum\/\" \/>\n<meta property=\"og:site_name\" content=\"The Wellness Collection\" \/>\n<meta property=\"article:publisher\" content=\"https:\/\/it-it.facebook.com\/disenia\/\" \/>\n<meta property=\"article:published_time\" content=\"2026-04-15T10:43:32+00:00\" \/>\n<meta property=\"article:modified_time\" content=\"2026-04-20T10:13:26+00:00\" \/>\n<meta property=\"og:image\" content=\"https:\/\/www.disenia.it\/thewellnesscollection\/wp-content\/uploads\/2026\/04\/premiazione-adi-design-museum-disenia.webp\" \/>\n\t<meta property=\"og:image:width\" content=\"1800\" \/>\n\t<meta property=\"og:image:height\" content=\"1200\" \/>\n\t<meta property=\"og:image:type\" content=\"image\/webp\" \/>\n<meta name=\"author\" content=\"neiko\" \/>\n<meta name=\"twitter:card\" content=\"summary_large_image\" \/>\n<meta name=\"twitter:label1\" content=\"Escrito por\" \/>\n\t<meta name=\"twitter:data1\" content=\"neiko\" \/>\n\t<meta name=\"twitter:label2\" content=\"Tiempo de lectura\" \/>\n\t<meta name=\"twitter:data2\" content=\"2 minutos\" \/>\n<script type=\"application\/ld+json\" class=\"yoast-schema-graph\">{\"@context\":\"https:\/\/schema.org\",\"@graph\":[{\"@type\":\"Article\",\"@id\":\"https:\/\/www.disenia.it\/thewellnesscollection\/es\/el-brasero-lumina-expuesto-en-el-adi-design-museum\/#article\",\"isPartOf\":{\"@id\":\"https:\/\/www.disenia.it\/thewellnesscollection\/es\/el-brasero-lumina-expuesto-en-el-adi-design-museum\/\"},\"author\":{\"name\":\"neiko\",\"@id\":\"https:\/\/www.disenia.it\/thewellnesscollection\/es\/#\/schema\/person\/90f2439522f0ee4be01b3223c5887bcc\"},\"headline\":\"El brasero Lumina expuesto en el ADI Design Museum\",\"datePublished\":\"2026-04-15T10:43:32+00:00\",\"dateModified\":\"2026-04-20T10:13:26+00:00\",\"mainEntityOfPage\":{\"@id\":\"https:\/\/www.disenia.it\/thewellnesscollection\/es\/el-brasero-lumina-expuesto-en-el-adi-design-museum\/\"},\"wordCount\":205,\"publisher\":{\"@id\":\"https:\/\/www.disenia.it\/thewellnesscollection\/es\/#organization\"},\"image\":{\"@id\":\"https:\/\/www.disenia.it\/thewellnesscollection\/es\/el-brasero-lumina-expuesto-en-el-adi-design-museum\/#primaryimage\"},\"thumbnailUrl\":\"https:\/\/www.disenia.it\/thewellnesscollection\/wp-content\/uploads\/2026\/04\/premiazione-adi-design-museum-disenia.webp\",\"articleSection\":[\"Sin categorizar\"],\"inLanguage\":\"es\"},{\"@type\":\"WebPage\",\"@id\":\"https:\/\/www.disenia.it\/thewellnesscollection\/es\/el-brasero-lumina-expuesto-en-el-adi-design-museum\/\",\"url\":\"https:\/\/www.disenia.it\/thewellnesscollection\/es\/el-brasero-lumina-expuesto-en-el-adi-design-museum\/\",\"name\":\"El brasero Lumina expuesto en el ADI Design Museum - The Wellness Collection\",\"isPartOf\":{\"@id\":\"https:\/\/www.disenia.it\/thewellnesscollection\/es\/#website\"},\"primaryImageOfPage\":{\"@id\":\"https:\/\/www.disenia.it\/thewellnesscollection\/es\/el-brasero-lumina-expuesto-en-el-adi-design-museum\/#primaryimage\"},\"image\":{\"@id\":\"https:\/\/www.disenia.it\/thewellnesscollection\/es\/el-brasero-lumina-expuesto-en-el-adi-design-museum\/#primaryimage\"},\"thumbnailUrl\":\"https:\/\/www.disenia.it\/thewellnesscollection\/wp-content\/uploads\/2026\/04\/premiazione-adi-design-museum-disenia.webp\",\"datePublished\":\"2026-04-15T10:43:32+00:00\",\"dateModified\":\"2026-04-20T10:13:26+00:00\",\"description\":\"El 15 de abril se presenta en el ADI Design Museum la exposici\u00f3n del XXIX Premio Compasso d\u2019Oro ADI.\u00a0\",\"inLanguage\":\"es\",\"potentialAction\":[{\"@type\":\"ReadAction\",\"target\":[\"https:\/\/www.disenia.it\/thewellnesscollection\/es\/el-brasero-lumina-expuesto-en-el-adi-design-museum\/\"]}]},{\"@type\":\"ImageObject\",\"inLanguage\":\"es\",\"@id\":\"https:\/\/www.disenia.it\/thewellnesscollection\/es\/el-brasero-lumina-expuesto-en-el-adi-design-museum\/#primaryimage\",\"url\":\"https:\/\/www.disenia.it\/thewellnesscollection\/wp-content\/uploads\/2026\/04\/premiazione-adi-design-museum-disenia.webp\",\"contentUrl\":\"https:\/\/www.disenia.it\/thewellnesscollection\/wp-content\/uploads\/2026\/04\/premiazione-adi-design-museum-disenia.webp\",\"width\":1800,\"height\":1200},{\"@type\":\"WebSite\",\"@id\":\"https:\/\/www.disenia.it\/thewellnesscollection\/es\/#website\",\"url\":\"https:\/\/www.disenia.it\/thewellnesscollection\/es\/\",\"name\":\"The Wellness Collection\",\"description\":\"Una nuova interpretazione del concetto di benessere\",\"publisher\":{\"@id\":\"https:\/\/www.disenia.it\/thewellnesscollection\/es\/#organization\"},\"alternateName\":\"L'interpretazione del benessere\",\"potentialAction\":[{\"@type\":\"SearchAction\",\"target\":{\"@type\":\"EntryPoint\",\"urlTemplate\":\"https:\/\/www.disenia.it\/thewellnesscollection\/es\/?s={search_term_string}\"},\"query-input\":{\"@type\":\"PropertyValueSpecification\",\"valueRequired\":true,\"valueName\":\"search_term_string\"}}],\"inLanguage\":\"es\"},{\"@type\":\"Organization\",\"@id\":\"https:\/\/www.disenia.it\/thewellnesscollection\/es\/#organization\",\"name\":\"Minipiscine, colonne doccia e accessori per l'esterno\",\"alternateName\":\"L'interpretazione del benessere\",\"url\":\"https:\/\/www.disenia.it\/thewellnesscollection\/es\/\",\"logo\":{\"@type\":\"ImageObject\",\"inLanguage\":\"es\",\"@id\":\"https:\/\/www.disenia.it\/thewellnesscollection\/es\/#\/schema\/logo\/image\/\",\"url\":\"https:\/\/www.disenia.it\/thewellnesscollection\/wp-content\/uploads\/2024\/03\/logo-generale-the-wellness-collection.png\",\"contentUrl\":\"https:\/\/www.disenia.it\/thewellnesscollection\/wp-content\/uploads\/2024\/03\/logo-generale-the-wellness-collection.png\",\"width\":1024,\"height\":1024,\"caption\":\"Minipiscine, colonne doccia e accessori per l'esterno\"},\"image\":{\"@id\":\"https:\/\/www.disenia.it\/thewellnesscollection\/es\/#\/schema\/logo\/image\/\"},\"sameAs\":[\"https:\/\/it-it.facebook.com\/disenia\/\",\"https:\/\/www.instagram.com\/_disenia_\/\",\"https:\/\/www.youtube.com\/user\/IdeaGroupArredoBagno\",\"https:\/\/www.linkedin.com\/company\/ideagroup-srl\/\",\"https:\/\/www.archiproducts.com\/it\/disenia\"]},{\"@type\":\"Person\",\"@id\":\"https:\/\/www.disenia.it\/thewellnesscollection\/es\/#\/schema\/person\/90f2439522f0ee4be01b3223c5887bcc\",\"name\":\"neiko\",\"image\":{\"@type\":\"ImageObject\",\"inLanguage\":\"es\",\"@id\":\"https:\/\/www.disenia.it\/thewellnesscollection\/es\/#\/schema\/person\/image\/\",\"url\":\"https:\/\/secure.gravatar.com\/avatar\/c7744e9ccd9934002baf14b7b2142d59bae96b2fa84595b48aa9775efd3962d9?s=96&d=mm&r=g\",\"contentUrl\":\"https:\/\/secure.gravatar.com\/avatar\/c7744e9ccd9934002baf14b7b2142d59bae96b2fa84595b48aa9775efd3962d9?s=96&d=mm&r=g\",\"caption\":\"neiko\"},\"sameAs\":[\"https:\/\/www.disenia.it\/thewellnesscollection\"]}]}<\/script>\n<!-- \/ Yoast SEO plugin. -->","yoast_head_json":{"title":"El brasero Lumina expuesto en el ADI Design Museum - The Wellness Collection","description":"El 15 de abril se presenta en el ADI Design Museum la exposici\u00f3n del XXIX Premio Compasso d\u2019Oro ADI.\u00a0","robots":{"index":"index","follow":"follow","max-snippet":"max-snippet:-1","max-image-preview":"max-image-preview:large","max-video-preview":"max-video-preview:-1"},"canonical":"https:\/\/www.disenia.it\/thewellnesscollection\/es\/el-brasero-lumina-expuesto-en-el-adi-design-museum\/","og_locale":"es_ES","og_type":"article","og_title":"El brasero Lumina expuesto en el ADI Design Museum - The Wellness Collection","og_description":"El 15 de abril se presenta en el ADI Design Museum la exposici\u00f3n del XXIX Premio Compasso d\u2019Oro ADI.\u00a0","og_url":"https:\/\/www.disenia.it\/thewellnesscollection\/es\/el-brasero-lumina-expuesto-en-el-adi-design-museum\/","og_site_name":"The Wellness Collection","article_publisher":"https:\/\/it-it.facebook.com\/disenia\/","article_published_time":"2026-04-15T10:43:32+00:00","article_modified_time":"2026-04-20T10:13:26+00:00","og_image":[{"width":1800,"height":1200,"url":"https:\/\/www.disenia.it\/thewellnesscollection\/wp-content\/uploads\/2026\/04\/premiazione-adi-design-museum-disenia.webp","type":"image\/webp"}],"author":"neiko","twitter_card":"summary_large_image","twitter_misc":{"Escrito por":"neiko","Tiempo de lectura":"2 minutos"},"schema":{"@context":"https:\/\/schema.org","@graph":[{"@type":"Article","@id":"https:\/\/www.disenia.it\/thewellnesscollection\/es\/el-brasero-lumina-expuesto-en-el-adi-design-museum\/#article","isPartOf":{"@id":"https:\/\/www.disenia.it\/thewellnesscollection\/es\/el-brasero-lumina-expuesto-en-el-adi-design-museum\/"},"author":{"name":"neiko","@id":"https:\/\/www.disenia.it\/thewellnesscollection\/es\/#\/schema\/person\/90f2439522f0ee4be01b3223c5887bcc"},"headline":"El brasero Lumina expuesto en el ADI Design Museum","datePublished":"2026-04-15T10:43:32+00:00","dateModified":"2026-04-20T10:13:26+00:00","mainEntityOfPage":{"@id":"https:\/\/www.disenia.it\/thewellnesscollection\/es\/el-brasero-lumina-expuesto-en-el-adi-design-museum\/"},"wordCount":205,"publisher":{"@id":"https:\/\/www.disenia.it\/thewellnesscollection\/es\/#organization"},"image":{"@id":"https:\/\/www.disenia.it\/thewellnesscollection\/es\/el-brasero-lumina-expuesto-en-el-adi-design-museum\/#primaryimage"},"thumbnailUrl":"https:\/\/www.disenia.it\/thewellnesscollection\/wp-content\/uploads\/2026\/04\/premiazione-adi-design-museum-disenia.webp","articleSection":["Sin categorizar"],"inLanguage":"es"},{"@type":"WebPage","@id":"https:\/\/www.disenia.it\/thewellnesscollection\/es\/el-brasero-lumina-expuesto-en-el-adi-design-museum\/","url":"https:\/\/www.disenia.it\/thewellnesscollection\/es\/el-brasero-lumina-expuesto-en-el-adi-design-museum\/","name":"El brasero Lumina expuesto en el ADI Design Museum - The Wellness Collection","isPartOf":{"@id":"https:\/\/www.disenia.it\/thewellnesscollection\/es\/#website"},"primaryImageOfPage":{"@id":"https:\/\/www.disenia.it\/thewellnesscollection\/es\/el-brasero-lumina-expuesto-en-el-adi-design-museum\/#primaryimage"},"image":{"@id":"https:\/\/www.disenia.it\/thewellnesscollection\/es\/el-brasero-lumina-expuesto-en-el-adi-design-museum\/#primaryimage"},"thumbnailUrl":"https:\/\/www.disenia.it\/thewellnesscollection\/wp-content\/uploads\/2026\/04\/premiazione-adi-design-museum-disenia.webp","datePublished":"2026-04-15T10:43:32+00:00","dateModified":"2026-04-20T10:13:26+00:00","description":"El 15 de abril se presenta en el ADI Design Museum la exposici\u00f3n del XXIX Premio Compasso d\u2019Oro ADI.\u00a0","inLanguage":"es","potentialAction":[{"@type":"ReadAction","target":["https:\/\/www.disenia.it\/thewellnesscollection\/es\/el-brasero-lumina-expuesto-en-el-adi-design-museum\/"]}]},{"@type":"ImageObject","inLanguage":"es","@id":"https:\/\/www.disenia.it\/thewellnesscollection\/es\/el-brasero-lumina-expuesto-en-el-adi-design-museum\/#primaryimage","url":"https:\/\/www.disenia.it\/thewellnesscollection\/wp-content\/uploads\/2026\/04\/premiazione-adi-design-museum-disenia.webp","contentUrl":"https:\/\/www.disenia.it\/thewellnesscollection\/wp-content\/uploads\/2026\/04\/premiazione-adi-design-museum-disenia.webp","width":1800,"height":1200},{"@type":"WebSite","@id":"https:\/\/www.disenia.it\/thewellnesscollection\/es\/#website","url":"https:\/\/www.disenia.it\/thewellnesscollection\/es\/","name":"The Wellness Collection","description":"Una nuova interpretazione del concetto di benessere","publisher":{"@id":"https:\/\/www.disenia.it\/thewellnesscollection\/es\/#organization"},"alternateName":"L'interpretazione del benessere","potentialAction":[{"@type":"SearchAction","target":{"@type":"EntryPoint","urlTemplate":"https:\/\/www.disenia.it\/thewellnesscollection\/es\/?s={search_term_string}"},"query-input":{"@type":"PropertyValueSpecification","valueRequired":true,"valueName":"search_term_string"}}],"inLanguage":"es"},{"@type":"Organization","@id":"https:\/\/www.disenia.it\/thewellnesscollection\/es\/#organization","name":"Minipiscine, colonne doccia e accessori per l'esterno","alternateName":"L'interpretazione del benessere","url":"https:\/\/www.disenia.it\/thewellnesscollection\/es\/","logo":{"@type":"ImageObject","inLanguage":"es","@id":"https:\/\/www.disenia.it\/thewellnesscollection\/es\/#\/schema\/logo\/image\/","url":"https:\/\/www.disenia.it\/thewellnesscollection\/wp-content\/uploads\/2024\/03\/logo-generale-the-wellness-collection.png","contentUrl":"https:\/\/www.disenia.it\/thewellnesscollection\/wp-content\/uploads\/2024\/03\/logo-generale-the-wellness-collection.png","width":1024,"height":1024,"caption":"Minipiscine, colonne doccia e accessori per l'esterno"},"image":{"@id":"https:\/\/www.disenia.it\/thewellnesscollection\/es\/#\/schema\/logo\/image\/"},"sameAs":["https:\/\/it-it.facebook.com\/disenia\/","https:\/\/www.instagram.com\/_disenia_\/","https:\/\/www.youtube.com\/user\/IdeaGroupArredoBagno","https:\/\/www.linkedin.com\/company\/ideagroup-srl\/","https:\/\/www.archiproducts.com\/it\/disenia"]},{"@type":"Person","@id":"https:\/\/www.disenia.it\/thewellnesscollection\/es\/#\/schema\/person\/90f2439522f0ee4be01b3223c5887bcc","name":"neiko","image":{"@type":"ImageObject","inLanguage":"es","@id":"https:\/\/www.disenia.it\/thewellnesscollection\/es\/#\/schema\/person\/image\/","url":"https:\/\/secure.gravatar.com\/avatar\/c7744e9ccd9934002baf14b7b2142d59bae96b2fa84595b48aa9775efd3962d9?s=96&d=mm&r=g","contentUrl":"https:\/\/secure.gravatar.com\/avatar\/c7744e9ccd9934002baf14b7b2142d59bae96b2fa84595b48aa9775efd3962d9?s=96&d=mm&r=g","caption":"neiko"},"sameAs":["https:\/\/www.disenia.it\/thewellnesscollection"]}]}},"_links":{"self":[{"href":"https:\/\/www.disenia.it\/thewellnesscollection\/es\/wp-json\/wp\/v2\/posts\/29363","targetHints":{"allow":["GET"]}}],"collection":[{"href":"https:\/\/www.disenia.it\/thewellnesscollection\/es\/wp-json\/wp\/v2\/posts"}],"about":[{"href":"https:\/\/www.disenia.it\/thewellnesscollection\/es\/wp-json\/wp\/v2\/types\/post"}],"author":[{"embeddable":true,"href":"https:\/\/www.disenia.it\/thewellnesscollection\/es\/wp-json\/wp\/v2\/users\/1"}],"replies":[{"embeddable":true,"href":"https:\/\/www.disenia.it\/thewellnesscollection\/es\/wp-json\/wp\/v2\/comments?post=29363"}],"version-history":[{"count":1,"href":"https:\/\/www.disenia.it\/thewellnesscollection\/es\/wp-json\/wp\/v2\/posts\/29363\/revisions"}],"predecessor-version":[{"id":29364,"href":"https:\/\/www.disenia.it\/thewellnesscollection\/es\/wp-json\/wp\/v2\/posts\/29363\/revisions\/29364"}],"wp:featuredmedia":[{"embeddable":true,"href":"https:\/\/www.disenia.it\/thewellnesscollection\/es\/wp-json\/wp\/v2\/media\/29336"}],"wp:attachment":[{"href":"https:\/\/www.disenia.it\/thewellnesscollection\/es\/wp-json\/wp\/v2\/media?parent=29363"}],"wp:term":[{"taxonomy":"category","embeddable":true,"href":"https:\/\/www.disenia.it\/thewellnesscollection\/es\/wp-json\/wp\/v2\/categories?post=29363"}],"curies":[{"name":"wp","href":"https:\/\/api.w.org\/{rel}","templated":true}]}}