{"id":29355,"date":"2026-04-15T12:43:32","date_gmt":"2026-04-15T10:43:32","guid":{"rendered":"https:\/\/www.disenia.it\/thewellnesscollection\/the-lumina-fire-pit-on-display-at-the-adi-design-museum\/"},"modified":"2026-04-20T12:11:54","modified_gmt":"2026-04-20T10:11:54","slug":"le-brasero-lumina-expose-a-ladi-design-museum","status":"publish","type":"post","link":"https:\/\/www.disenia.it\/thewellnesscollection\/fr\/le-brasero-lumina-expose-a-ladi-design-museum\/","title":{"rendered":"Le brasero Lumina expos\u00e9 \u00e0 l&rsquo;ADI Design Museum"},"content":{"rendered":"<p>Le <strong>15 avril<\/strong>, \u00e0 l\u2019occasion de la Journ\u00e9e Nationale du Made in Italy et \u00e0 quelques jours de la Milan Design Week, l\u2019<strong>ADI Design Museum<\/strong> inaugure l\u2019exposition de la <strong>29e \u00e9dition de du prix Compasso d&rsquo;Oro ADI<\/strong>. L\u2019exposition r\u00e9unit les projets en comp\u00e9tition et propose un aper\u00e7u approfondi de la vie contemporaine \u00e0 travers le design, en mettant l\u2019accent sur la recherche, l\u2019innovation et les r\u00f4les \u00e9mergents qui comblent le foss\u00e9 entre la production, la technologie et la soci\u00e9t\u00e9. Une repr\u00e9sentation aussi diversifi\u00e9e de la sc\u00e8ne contemporaine refl\u00e8te l\u2019h\u00e9ritage durable du design italien, une tradition qui documente l\u2019\u00e9volution de notre monde en mutation depuis plus de soixante-dix ans.<\/p>\n<p>&nbsp;<\/p>\n<p>L&rsquo;exposition pr\u00e9sente le <a href=\"https:\/\/www.disenia.it\/thewellnesscollection\/fr\/prodotto\/brasero-moderne-lumina\/\" target=\"_blank\" rel=\"noopener\">brasero Lumina<\/a>, con\u00e7u par <strong>Claudio Papa<\/strong> et s\u00e9lectionn\u00e9 par l\u2019<strong>Observatoire Permanent du Design ADI<\/strong>. Apr\u00e8s s&rsquo;\u00eatre assur\u00e9 une place dans l\u2019<strong>ADI Design Index 2025<\/strong>, Lumina est d\u00e9sormais en lice pour le <strong>Prix Compasso d\u2019Oro ADI 2026<\/strong>.<\/p>\n<p>&nbsp;<\/p>\n<p><strong>Quand<\/strong> : 16 avril \u2013 4 juin 2026 (lundi \u2013 dimanche \/ 10h30 \u2013 20h00, vendredi ferm\u00e9)<br \/>\n<strong>O\u00f9<\/strong> : <a href=\"https:\/\/www.google.com\/maps\/place\/ADI+Design+Museum\/@45.4829139,9.1759105,729m\/data=!3m2!1e3!4b1!4m6!3m5!1s0x4786c1cab81c5d19:0xa652dcda8808bcc5!8m2!3d45.4829139!4d9.1784854!16s%2Fg%2F11j865xg9n?entry=tts&amp;g_ep=EgoyMDI2MDQxMi4wIPu8ASoASAFQAw%3D%3D&amp;skid=2f0a1569-7ebf-4ebc-a0db-a7e5f8c2df64\" target=\"_blank\" rel=\"noopener\">ADI Design Museum, Piazza Compasso D\u2019Oro 1, Milan<\/a><br \/>\n<strong>Inauguration de l&rsquo;exposition<\/strong>\u00a0: le 15 avril 2026, \u00e0 18 heures<\/p>\n","protected":false},"excerpt":{"rendered":"<p>Le 15 avril, \u00e0 l\u2019occasion de la Journ\u00e9e Nationale du Made in Italy et \u00e0 quelques jours de la Milan Design Week, l\u2019ADI Design Museum inaugure l\u2019exposition de la 29e \u00e9dition de du prix Compasso d&rsquo;Oro ADI. L\u2019exposition r\u00e9unit les&#8230;<\/p>\n","protected":false},"author":1,"featured_media":29334,"comment_status":"closed","ping_status":"closed","sticky":false,"template":"","format":"standard","meta":{"_acf_changed":false,"inline_featured_image":false,"footnotes":""},"categories":[197],"class_list":["post-29355","post","type-post","status-publish","format-standard","has-post-thumbnail","hentry","category-non-classifiee"],"acf":[],"yoast_head":"<!-- This site is optimized with the Yoast SEO plugin v26.8 - https:\/\/yoast.com\/product\/yoast-seo-wordpress\/ -->\n<title>Le brasero Lumina expos\u00e9 \u00e0 l&#039;ADI Design Museum - The Wellness Collection<\/title>\n<meta name=\"description\" content=\"Le 15 avril l\u2019ADI Design Museum inaugure l\u2019exposition de la 29e \u00e9dition de du prix Compasso d&#039;Oro ADI.\" \/>\n<meta name=\"robots\" content=\"index, follow, max-snippet:-1, max-image-preview:large, max-video-preview:-1\" \/>\n<link rel=\"canonical\" href=\"https:\/\/www.disenia.it\/thewellnesscollection\/fr\/le-brasero-lumina-expose-a-ladi-design-museum\/\" \/>\n<meta property=\"og:locale\" content=\"fr_FR\" \/>\n<meta property=\"og:type\" content=\"article\" \/>\n<meta property=\"og:title\" content=\"Le brasero Lumina expos\u00e9 \u00e0 l&#039;ADI Design Museum - The Wellness Collection\" \/>\n<meta property=\"og:description\" content=\"Le 15 avril l\u2019ADI Design Museum inaugure l\u2019exposition de la 29e \u00e9dition de du prix Compasso d&#039;Oro ADI.\" \/>\n<meta property=\"og:url\" content=\"https:\/\/www.disenia.it\/thewellnesscollection\/fr\/le-brasero-lumina-expose-a-ladi-design-museum\/\" \/>\n<meta property=\"og:site_name\" content=\"The Wellness Collection\" \/>\n<meta property=\"article:publisher\" content=\"https:\/\/it-it.facebook.com\/disenia\/\" \/>\n<meta property=\"article:published_time\" content=\"2026-04-15T10:43:32+00:00\" \/>\n<meta property=\"article:modified_time\" content=\"2026-04-20T10:11:54+00:00\" \/>\n<meta property=\"og:image\" content=\"https:\/\/www.disenia.it\/thewellnesscollection\/wp-content\/uploads\/2026\/04\/premiazione-adi-design-museum-disenia.webp\" \/>\n\t<meta property=\"og:image:width\" content=\"1800\" \/>\n\t<meta property=\"og:image:height\" content=\"1200\" \/>\n\t<meta property=\"og:image:type\" content=\"image\/webp\" \/>\n<meta name=\"author\" content=\"neiko\" \/>\n<meta name=\"twitter:card\" content=\"summary_large_image\" \/>\n<meta name=\"twitter:label1\" content=\"\u00c9crit par\" \/>\n\t<meta name=\"twitter:data1\" content=\"neiko\" \/>\n\t<meta name=\"twitter:label2\" content=\"Dur\u00e9e de lecture estim\u00e9e\" \/>\n\t<meta name=\"twitter:data2\" content=\"2 minutes\" \/>\n<script type=\"application\/ld+json\" class=\"yoast-schema-graph\">{\"@context\":\"https:\/\/schema.org\",\"@graph\":[{\"@type\":\"Article\",\"@id\":\"https:\/\/www.disenia.it\/thewellnesscollection\/fr\/le-brasero-lumina-expose-a-ladi-design-museum\/#article\",\"isPartOf\":{\"@id\":\"https:\/\/www.disenia.it\/thewellnesscollection\/fr\/le-brasero-lumina-expose-a-ladi-design-museum\/\"},\"author\":{\"name\":\"neiko\",\"@id\":\"https:\/\/www.disenia.it\/thewellnesscollection\/fr\/#\/schema\/person\/90f2439522f0ee4be01b3223c5887bcc\"},\"headline\":\"Le brasero Lumina expos\u00e9 \u00e0 l&rsquo;ADI Design Museum\",\"datePublished\":\"2026-04-15T10:43:32+00:00\",\"dateModified\":\"2026-04-20T10:11:54+00:00\",\"mainEntityOfPage\":{\"@id\":\"https:\/\/www.disenia.it\/thewellnesscollection\/fr\/le-brasero-lumina-expose-a-ladi-design-museum\/\"},\"wordCount\":206,\"publisher\":{\"@id\":\"https:\/\/www.disenia.it\/thewellnesscollection\/fr\/#organization\"},\"image\":{\"@id\":\"https:\/\/www.disenia.it\/thewellnesscollection\/fr\/le-brasero-lumina-expose-a-ladi-design-museum\/#primaryimage\"},\"thumbnailUrl\":\"https:\/\/www.disenia.it\/thewellnesscollection\/wp-content\/uploads\/2026\/04\/premiazione-adi-design-museum-disenia.webp\",\"articleSection\":[\"Non classifi\u00e9(e)\"],\"inLanguage\":\"fr-FR\"},{\"@type\":\"WebPage\",\"@id\":\"https:\/\/www.disenia.it\/thewellnesscollection\/fr\/le-brasero-lumina-expose-a-ladi-design-museum\/\",\"url\":\"https:\/\/www.disenia.it\/thewellnesscollection\/fr\/le-brasero-lumina-expose-a-ladi-design-museum\/\",\"name\":\"Le brasero Lumina expos\u00e9 \u00e0 l'ADI Design Museum - The Wellness Collection\",\"isPartOf\":{\"@id\":\"https:\/\/www.disenia.it\/thewellnesscollection\/fr\/#website\"},\"primaryImageOfPage\":{\"@id\":\"https:\/\/www.disenia.it\/thewellnesscollection\/fr\/le-brasero-lumina-expose-a-ladi-design-museum\/#primaryimage\"},\"image\":{\"@id\":\"https:\/\/www.disenia.it\/thewellnesscollection\/fr\/le-brasero-lumina-expose-a-ladi-design-museum\/#primaryimage\"},\"thumbnailUrl\":\"https:\/\/www.disenia.it\/thewellnesscollection\/wp-content\/uploads\/2026\/04\/premiazione-adi-design-museum-disenia.webp\",\"datePublished\":\"2026-04-15T10:43:32+00:00\",\"dateModified\":\"2026-04-20T10:11:54+00:00\",\"description\":\"Le 15 avril l\u2019ADI Design Museum inaugure l\u2019exposition de la 29e \u00e9dition de du prix Compasso d'Oro ADI.\",\"inLanguage\":\"fr-FR\",\"potentialAction\":[{\"@type\":\"ReadAction\",\"target\":[\"https:\/\/www.disenia.it\/thewellnesscollection\/fr\/le-brasero-lumina-expose-a-ladi-design-museum\/\"]}]},{\"@type\":\"ImageObject\",\"inLanguage\":\"fr-FR\",\"@id\":\"https:\/\/www.disenia.it\/thewellnesscollection\/fr\/le-brasero-lumina-expose-a-ladi-design-museum\/#primaryimage\",\"url\":\"https:\/\/www.disenia.it\/thewellnesscollection\/wp-content\/uploads\/2026\/04\/premiazione-adi-design-museum-disenia.webp\",\"contentUrl\":\"https:\/\/www.disenia.it\/thewellnesscollection\/wp-content\/uploads\/2026\/04\/premiazione-adi-design-museum-disenia.webp\",\"width\":1800,\"height\":1200},{\"@type\":\"WebSite\",\"@id\":\"https:\/\/www.disenia.it\/thewellnesscollection\/fr\/#website\",\"url\":\"https:\/\/www.disenia.it\/thewellnesscollection\/fr\/\",\"name\":\"The Wellness Collection\",\"description\":\"Una nuova interpretazione del concetto di benessere\",\"publisher\":{\"@id\":\"https:\/\/www.disenia.it\/thewellnesscollection\/fr\/#organization\"},\"alternateName\":\"L'interpretazione del benessere\",\"potentialAction\":[{\"@type\":\"SearchAction\",\"target\":{\"@type\":\"EntryPoint\",\"urlTemplate\":\"https:\/\/www.disenia.it\/thewellnesscollection\/fr\/?s={search_term_string}\"},\"query-input\":{\"@type\":\"PropertyValueSpecification\",\"valueRequired\":true,\"valueName\":\"search_term_string\"}}],\"inLanguage\":\"fr-FR\"},{\"@type\":\"Organization\",\"@id\":\"https:\/\/www.disenia.it\/thewellnesscollection\/fr\/#organization\",\"name\":\"Minipiscine, colonne doccia e accessori per l'esterno\",\"alternateName\":\"L'interpretazione del benessere\",\"url\":\"https:\/\/www.disenia.it\/thewellnesscollection\/fr\/\",\"logo\":{\"@type\":\"ImageObject\",\"inLanguage\":\"fr-FR\",\"@id\":\"https:\/\/www.disenia.it\/thewellnesscollection\/fr\/#\/schema\/logo\/image\/\",\"url\":\"https:\/\/www.disenia.it\/thewellnesscollection\/wp-content\/uploads\/2024\/03\/logo-generale-the-wellness-collection.png\",\"contentUrl\":\"https:\/\/www.disenia.it\/thewellnesscollection\/wp-content\/uploads\/2024\/03\/logo-generale-the-wellness-collection.png\",\"width\":1024,\"height\":1024,\"caption\":\"Minipiscine, colonne doccia e accessori per l'esterno\"},\"image\":{\"@id\":\"https:\/\/www.disenia.it\/thewellnesscollection\/fr\/#\/schema\/logo\/image\/\"},\"sameAs\":[\"https:\/\/it-it.facebook.com\/disenia\/\",\"https:\/\/www.instagram.com\/_disenia_\/\",\"https:\/\/www.youtube.com\/user\/IdeaGroupArredoBagno\",\"https:\/\/www.linkedin.com\/company\/ideagroup-srl\/\",\"https:\/\/www.archiproducts.com\/it\/disenia\"]},{\"@type\":\"Person\",\"@id\":\"https:\/\/www.disenia.it\/thewellnesscollection\/fr\/#\/schema\/person\/90f2439522f0ee4be01b3223c5887bcc\",\"name\":\"neiko\",\"image\":{\"@type\":\"ImageObject\",\"inLanguage\":\"fr-FR\",\"@id\":\"https:\/\/www.disenia.it\/thewellnesscollection\/fr\/#\/schema\/person\/image\/\",\"url\":\"https:\/\/secure.gravatar.com\/avatar\/c7744e9ccd9934002baf14b7b2142d59bae96b2fa84595b48aa9775efd3962d9?s=96&d=mm&r=g\",\"contentUrl\":\"https:\/\/secure.gravatar.com\/avatar\/c7744e9ccd9934002baf14b7b2142d59bae96b2fa84595b48aa9775efd3962d9?s=96&d=mm&r=g\",\"caption\":\"neiko\"},\"sameAs\":[\"https:\/\/www.disenia.it\/thewellnesscollection\"]}]}<\/script>\n<!-- \/ Yoast SEO plugin. -->","yoast_head_json":{"title":"Le brasero Lumina expos\u00e9 \u00e0 l'ADI Design Museum - The Wellness Collection","description":"Le 15 avril l\u2019ADI Design Museum inaugure l\u2019exposition de la 29e \u00e9dition de du prix Compasso d'Oro ADI.","robots":{"index":"index","follow":"follow","max-snippet":"max-snippet:-1","max-image-preview":"max-image-preview:large","max-video-preview":"max-video-preview:-1"},"canonical":"https:\/\/www.disenia.it\/thewellnesscollection\/fr\/le-brasero-lumina-expose-a-ladi-design-museum\/","og_locale":"fr_FR","og_type":"article","og_title":"Le brasero Lumina expos\u00e9 \u00e0 l'ADI Design Museum - The Wellness Collection","og_description":"Le 15 avril l\u2019ADI Design Museum inaugure l\u2019exposition de la 29e \u00e9dition de du prix Compasso d'Oro ADI.","og_url":"https:\/\/www.disenia.it\/thewellnesscollection\/fr\/le-brasero-lumina-expose-a-ladi-design-museum\/","og_site_name":"The Wellness Collection","article_publisher":"https:\/\/it-it.facebook.com\/disenia\/","article_published_time":"2026-04-15T10:43:32+00:00","article_modified_time":"2026-04-20T10:11:54+00:00","og_image":[{"width":1800,"height":1200,"url":"https:\/\/www.disenia.it\/thewellnesscollection\/wp-content\/uploads\/2026\/04\/premiazione-adi-design-museum-disenia.webp","type":"image\/webp"}],"author":"neiko","twitter_card":"summary_large_image","twitter_misc":{"\u00c9crit par":"neiko","Dur\u00e9e de lecture estim\u00e9e":"2 minutes"},"schema":{"@context":"https:\/\/schema.org","@graph":[{"@type":"Article","@id":"https:\/\/www.disenia.it\/thewellnesscollection\/fr\/le-brasero-lumina-expose-a-ladi-design-museum\/#article","isPartOf":{"@id":"https:\/\/www.disenia.it\/thewellnesscollection\/fr\/le-brasero-lumina-expose-a-ladi-design-museum\/"},"author":{"name":"neiko","@id":"https:\/\/www.disenia.it\/thewellnesscollection\/fr\/#\/schema\/person\/90f2439522f0ee4be01b3223c5887bcc"},"headline":"Le brasero Lumina expos\u00e9 \u00e0 l&rsquo;ADI Design Museum","datePublished":"2026-04-15T10:43:32+00:00","dateModified":"2026-04-20T10:11:54+00:00","mainEntityOfPage":{"@id":"https:\/\/www.disenia.it\/thewellnesscollection\/fr\/le-brasero-lumina-expose-a-ladi-design-museum\/"},"wordCount":206,"publisher":{"@id":"https:\/\/www.disenia.it\/thewellnesscollection\/fr\/#organization"},"image":{"@id":"https:\/\/www.disenia.it\/thewellnesscollection\/fr\/le-brasero-lumina-expose-a-ladi-design-museum\/#primaryimage"},"thumbnailUrl":"https:\/\/www.disenia.it\/thewellnesscollection\/wp-content\/uploads\/2026\/04\/premiazione-adi-design-museum-disenia.webp","articleSection":["Non classifi\u00e9(e)"],"inLanguage":"fr-FR"},{"@type":"WebPage","@id":"https:\/\/www.disenia.it\/thewellnesscollection\/fr\/le-brasero-lumina-expose-a-ladi-design-museum\/","url":"https:\/\/www.disenia.it\/thewellnesscollection\/fr\/le-brasero-lumina-expose-a-ladi-design-museum\/","name":"Le brasero Lumina expos\u00e9 \u00e0 l'ADI Design Museum - The Wellness Collection","isPartOf":{"@id":"https:\/\/www.disenia.it\/thewellnesscollection\/fr\/#website"},"primaryImageOfPage":{"@id":"https:\/\/www.disenia.it\/thewellnesscollection\/fr\/le-brasero-lumina-expose-a-ladi-design-museum\/#primaryimage"},"image":{"@id":"https:\/\/www.disenia.it\/thewellnesscollection\/fr\/le-brasero-lumina-expose-a-ladi-design-museum\/#primaryimage"},"thumbnailUrl":"https:\/\/www.disenia.it\/thewellnesscollection\/wp-content\/uploads\/2026\/04\/premiazione-adi-design-museum-disenia.webp","datePublished":"2026-04-15T10:43:32+00:00","dateModified":"2026-04-20T10:11:54+00:00","description":"Le 15 avril l\u2019ADI Design Museum inaugure l\u2019exposition de la 29e \u00e9dition de du prix Compasso d'Oro ADI.","inLanguage":"fr-FR","potentialAction":[{"@type":"ReadAction","target":["https:\/\/www.disenia.it\/thewellnesscollection\/fr\/le-brasero-lumina-expose-a-ladi-design-museum\/"]}]},{"@type":"ImageObject","inLanguage":"fr-FR","@id":"https:\/\/www.disenia.it\/thewellnesscollection\/fr\/le-brasero-lumina-expose-a-ladi-design-museum\/#primaryimage","url":"https:\/\/www.disenia.it\/thewellnesscollection\/wp-content\/uploads\/2026\/04\/premiazione-adi-design-museum-disenia.webp","contentUrl":"https:\/\/www.disenia.it\/thewellnesscollection\/wp-content\/uploads\/2026\/04\/premiazione-adi-design-museum-disenia.webp","width":1800,"height":1200},{"@type":"WebSite","@id":"https:\/\/www.disenia.it\/thewellnesscollection\/fr\/#website","url":"https:\/\/www.disenia.it\/thewellnesscollection\/fr\/","name":"The Wellness Collection","description":"Una nuova interpretazione del concetto di benessere","publisher":{"@id":"https:\/\/www.disenia.it\/thewellnesscollection\/fr\/#organization"},"alternateName":"L'interpretazione del benessere","potentialAction":[{"@type":"SearchAction","target":{"@type":"EntryPoint","urlTemplate":"https:\/\/www.disenia.it\/thewellnesscollection\/fr\/?s={search_term_string}"},"query-input":{"@type":"PropertyValueSpecification","valueRequired":true,"valueName":"search_term_string"}}],"inLanguage":"fr-FR"},{"@type":"Organization","@id":"https:\/\/www.disenia.it\/thewellnesscollection\/fr\/#organization","name":"Minipiscine, colonne doccia e accessori per l'esterno","alternateName":"L'interpretazione del benessere","url":"https:\/\/www.disenia.it\/thewellnesscollection\/fr\/","logo":{"@type":"ImageObject","inLanguage":"fr-FR","@id":"https:\/\/www.disenia.it\/thewellnesscollection\/fr\/#\/schema\/logo\/image\/","url":"https:\/\/www.disenia.it\/thewellnesscollection\/wp-content\/uploads\/2024\/03\/logo-generale-the-wellness-collection.png","contentUrl":"https:\/\/www.disenia.it\/thewellnesscollection\/wp-content\/uploads\/2024\/03\/logo-generale-the-wellness-collection.png","width":1024,"height":1024,"caption":"Minipiscine, colonne doccia e accessori per l'esterno"},"image":{"@id":"https:\/\/www.disenia.it\/thewellnesscollection\/fr\/#\/schema\/logo\/image\/"},"sameAs":["https:\/\/it-it.facebook.com\/disenia\/","https:\/\/www.instagram.com\/_disenia_\/","https:\/\/www.youtube.com\/user\/IdeaGroupArredoBagno","https:\/\/www.linkedin.com\/company\/ideagroup-srl\/","https:\/\/www.archiproducts.com\/it\/disenia"]},{"@type":"Person","@id":"https:\/\/www.disenia.it\/thewellnesscollection\/fr\/#\/schema\/person\/90f2439522f0ee4be01b3223c5887bcc","name":"neiko","image":{"@type":"ImageObject","inLanguage":"fr-FR","@id":"https:\/\/www.disenia.it\/thewellnesscollection\/fr\/#\/schema\/person\/image\/","url":"https:\/\/secure.gravatar.com\/avatar\/c7744e9ccd9934002baf14b7b2142d59bae96b2fa84595b48aa9775efd3962d9?s=96&d=mm&r=g","contentUrl":"https:\/\/secure.gravatar.com\/avatar\/c7744e9ccd9934002baf14b7b2142d59bae96b2fa84595b48aa9775efd3962d9?s=96&d=mm&r=g","caption":"neiko"},"sameAs":["https:\/\/www.disenia.it\/thewellnesscollection"]}]}},"_links":{"self":[{"href":"https:\/\/www.disenia.it\/thewellnesscollection\/fr\/wp-json\/wp\/v2\/posts\/29355","targetHints":{"allow":["GET"]}}],"collection":[{"href":"https:\/\/www.disenia.it\/thewellnesscollection\/fr\/wp-json\/wp\/v2\/posts"}],"about":[{"href":"https:\/\/www.disenia.it\/thewellnesscollection\/fr\/wp-json\/wp\/v2\/types\/post"}],"author":[{"embeddable":true,"href":"https:\/\/www.disenia.it\/thewellnesscollection\/fr\/wp-json\/wp\/v2\/users\/1"}],"replies":[{"embeddable":true,"href":"https:\/\/www.disenia.it\/thewellnesscollection\/fr\/wp-json\/wp\/v2\/comments?post=29355"}],"version-history":[{"count":1,"href":"https:\/\/www.disenia.it\/thewellnesscollection\/fr\/wp-json\/wp\/v2\/posts\/29355\/revisions"}],"predecessor-version":[{"id":29357,"href":"https:\/\/www.disenia.it\/thewellnesscollection\/fr\/wp-json\/wp\/v2\/posts\/29355\/revisions\/29357"}],"wp:featuredmedia":[{"embeddable":true,"href":"https:\/\/www.disenia.it\/thewellnesscollection\/fr\/wp-json\/wp\/v2\/media\/29334"}],"wp:attachment":[{"href":"https:\/\/www.disenia.it\/thewellnesscollection\/fr\/wp-json\/wp\/v2\/media?parent=29355"}],"wp:term":[{"taxonomy":"category","embeddable":true,"href":"https:\/\/www.disenia.it\/thewellnesscollection\/fr\/wp-json\/wp\/v2\/categories?post=29355"}],"curies":[{"name":"wp","href":"https:\/\/api.w.org\/{rel}","templated":true}]}}