{"id":29356,"date":"2026-04-16T08:45:51","date_gmt":"2026-04-16T06:45:51","guid":{"rendered":"https:\/\/www.disenia.it\/thewellnesscollection\/the-wellness-collection-oasi-life-experience\/"},"modified":"2026-04-20T12:12:21","modified_gmt":"2026-04-20T10:12:21","slug":"the-wellness-collection-a-loasi-life-experience","status":"publish","type":"post","link":"https:\/\/www.disenia.it\/thewellnesscollection\/fr\/the-wellness-collection-a-loasi-life-experience\/","title":{"rendered":"The Wellness Collection \u00e0 l&rsquo;Oasi Life Experience"},"content":{"rendered":"<p>Du 21 au 26 avril, \u00e0 l\u2019occasion de la Milan Design Week, nous serons partenaires de l&rsquo;<a href=\"https:\/\/designdiffusion.com\/2026\/03\/02\/oasi-life-experience-ddn-hub-fuorisalone-2026\/\" target=\"_blank\" rel=\"noopener\"><strong>Oasi Life Experience<\/strong><\/a>, un \u00e9v\u00e9nement promu par la <strong>R\u00e9gion Lombardie<\/strong> et <strong>DDN<\/strong> \u2013 <strong>Design Diffusion News<\/strong>. L&rsquo;\u00e9v\u00e9nement se d\u00e9roulera sur la Piazza Citt\u00e0 di Lombardia (la plus grande place couverte d\u2019Europe situ\u00e9e au sein du complexe du si\u00e8ge de la R\u00e9gion Lombardie).<\/p>\n<p>&nbsp;<\/p>\n<p>La <a href=\"https:\/\/www.disenia.it\/thewellnesscollection\/fr\/prodotto\/baignoire-balneo-a-pose-libre-aretusa\/\" target=\"_blank\" rel=\"noopener\"><strong>baignoire Aretusa<\/strong><\/a> et le <strong><a href=\"https:\/\/www.disenia.it\/thewellnesscollection\/fr\/prodotto\/brasero-moderne-lumina\/\" target=\"_blank\" rel=\"noopener\">brasero Lumina<\/a><\/strong> seront pr\u00e9sent\u00e9s sur cette place, un espace qui sera anim\u00e9 par des conf\u00e9rences r\u00e9unissant d&rsquo;importants acteurs du secteur, des repr\u00e9sentants institutionnels et des cabinets de design internationaux, ainsi que par des installations et des occasions de r\u00e9seautage.<\/p>\n","protected":false},"excerpt":{"rendered":"<p>Du 21 au 26 avril, \u00e0 l\u2019occasion de la Milan Design Week, nous serons partenaires de l&rsquo;Oasi Life Experience, un \u00e9v\u00e9nement promu par la R\u00e9gion Lombardie et DDN \u2013 Design Diffusion News. L&rsquo;\u00e9v\u00e9nement se d\u00e9roulera sur la Piazza Citt\u00e0 di&#8230;<\/p>\n","protected":false},"author":1,"featured_media":29342,"comment_status":"closed","ping_status":"closed","sticky":false,"template":"","format":"standard","meta":{"_acf_changed":false,"inline_featured_image":false,"footnotes":""},"categories":[197],"class_list":["post-29356","post","type-post","status-publish","format-standard","has-post-thumbnail","hentry","category-non-classifiee"],"acf":[],"yoast_head":"<!-- This site is optimized with the Yoast SEO plugin v26.8 - https:\/\/yoast.com\/product\/yoast-seo-wordpress\/ -->\n<title>The Wellness Collection \u00e0 l&#039;Oasi Life Experience - The Wellness Collection<\/title>\n<meta name=\"description\" content=\"Du 21 au 26 avril, \u00e0 l\u2019occasion de la Milan Design Week un \u00e9v\u00e9nement promu par la R\u00e9gion Lombardie et DDN \u2013 Design Diffusion News.\" \/>\n<meta name=\"robots\" content=\"index, follow, max-snippet:-1, max-image-preview:large, max-video-preview:-1\" \/>\n<link rel=\"canonical\" href=\"https:\/\/www.disenia.it\/thewellnesscollection\/fr\/the-wellness-collection-a-loasi-life-experience\/\" \/>\n<meta property=\"og:locale\" content=\"fr_FR\" \/>\n<meta property=\"og:type\" content=\"article\" \/>\n<meta property=\"og:title\" content=\"The Wellness Collection \u00e0 l&#039;Oasi Life Experience - The Wellness Collection\" \/>\n<meta property=\"og:description\" content=\"Du 21 au 26 avril, \u00e0 l\u2019occasion de la Milan Design Week un \u00e9v\u00e9nement promu par la R\u00e9gion Lombardie et DDN \u2013 Design Diffusion News.\" \/>\n<meta property=\"og:url\" content=\"https:\/\/www.disenia.it\/thewellnesscollection\/fr\/the-wellness-collection-a-loasi-life-experience\/\" \/>\n<meta property=\"og:site_name\" content=\"The Wellness Collection\" \/>\n<meta property=\"article:publisher\" content=\"https:\/\/it-it.facebook.com\/disenia\/\" \/>\n<meta property=\"article:published_time\" content=\"2026-04-16T06:45:51+00:00\" \/>\n<meta property=\"article:modified_time\" content=\"2026-04-20T10:12:21+00:00\" \/>\n<meta property=\"og:image\" content=\"https:\/\/www.disenia.it\/thewellnesscollection\/wp-content\/uploads\/2026\/04\/oasi-life-experience.webp\" \/>\n\t<meta property=\"og:image:width\" content=\"1536\" \/>\n\t<meta property=\"og:image:height\" content=\"1152\" \/>\n\t<meta property=\"og:image:type\" content=\"image\/webp\" \/>\n<meta name=\"author\" content=\"neiko\" \/>\n<meta name=\"twitter:card\" content=\"summary_large_image\" \/>\n<meta name=\"twitter:label1\" content=\"\u00c9crit par\" \/>\n\t<meta name=\"twitter:data1\" content=\"neiko\" \/>\n\t<meta name=\"twitter:label2\" content=\"Dur\u00e9e de lecture estim\u00e9e\" \/>\n\t<meta name=\"twitter:data2\" content=\"1 minute\" \/>\n<script type=\"application\/ld+json\" class=\"yoast-schema-graph\">{\"@context\":\"https:\/\/schema.org\",\"@graph\":[{\"@type\":\"Article\",\"@id\":\"https:\/\/www.disenia.it\/thewellnesscollection\/fr\/the-wellness-collection-a-loasi-life-experience\/#article\",\"isPartOf\":{\"@id\":\"https:\/\/www.disenia.it\/thewellnesscollection\/fr\/the-wellness-collection-a-loasi-life-experience\/\"},\"author\":{\"name\":\"neiko\",\"@id\":\"https:\/\/www.disenia.it\/thewellnesscollection\/fr\/#\/schema\/person\/90f2439522f0ee4be01b3223c5887bcc\"},\"headline\":\"The Wellness Collection \u00e0 l&rsquo;Oasi Life Experience\",\"datePublished\":\"2026-04-16T06:45:51+00:00\",\"dateModified\":\"2026-04-20T10:12:21+00:00\",\"mainEntityOfPage\":{\"@id\":\"https:\/\/www.disenia.it\/thewellnesscollection\/fr\/the-wellness-collection-a-loasi-life-experience\/\"},\"wordCount\":124,\"publisher\":{\"@id\":\"https:\/\/www.disenia.it\/thewellnesscollection\/fr\/#organization\"},\"image\":{\"@id\":\"https:\/\/www.disenia.it\/thewellnesscollection\/fr\/the-wellness-collection-a-loasi-life-experience\/#primaryimage\"},\"thumbnailUrl\":\"https:\/\/www.disenia.it\/thewellnesscollection\/wp-content\/uploads\/2026\/04\/oasi-life-experience.webp\",\"articleSection\":[\"Non classifi\u00e9(e)\"],\"inLanguage\":\"fr-FR\"},{\"@type\":\"WebPage\",\"@id\":\"https:\/\/www.disenia.it\/thewellnesscollection\/fr\/the-wellness-collection-a-loasi-life-experience\/\",\"url\":\"https:\/\/www.disenia.it\/thewellnesscollection\/fr\/the-wellness-collection-a-loasi-life-experience\/\",\"name\":\"The Wellness Collection \u00e0 l'Oasi Life Experience - The Wellness Collection\",\"isPartOf\":{\"@id\":\"https:\/\/www.disenia.it\/thewellnesscollection\/fr\/#website\"},\"primaryImageOfPage\":{\"@id\":\"https:\/\/www.disenia.it\/thewellnesscollection\/fr\/the-wellness-collection-a-loasi-life-experience\/#primaryimage\"},\"image\":{\"@id\":\"https:\/\/www.disenia.it\/thewellnesscollection\/fr\/the-wellness-collection-a-loasi-life-experience\/#primaryimage\"},\"thumbnailUrl\":\"https:\/\/www.disenia.it\/thewellnesscollection\/wp-content\/uploads\/2026\/04\/oasi-life-experience.webp\",\"datePublished\":\"2026-04-16T06:45:51+00:00\",\"dateModified\":\"2026-04-20T10:12:21+00:00\",\"description\":\"Du 21 au 26 avril, \u00e0 l\u2019occasion de la Milan Design Week un \u00e9v\u00e9nement promu par la R\u00e9gion Lombardie et DDN \u2013 Design Diffusion News.\",\"inLanguage\":\"fr-FR\",\"potentialAction\":[{\"@type\":\"ReadAction\",\"target\":[\"https:\/\/www.disenia.it\/thewellnesscollection\/fr\/the-wellness-collection-a-loasi-life-experience\/\"]}]},{\"@type\":\"ImageObject\",\"inLanguage\":\"fr-FR\",\"@id\":\"https:\/\/www.disenia.it\/thewellnesscollection\/fr\/the-wellness-collection-a-loasi-life-experience\/#primaryimage\",\"url\":\"https:\/\/www.disenia.it\/thewellnesscollection\/wp-content\/uploads\/2026\/04\/oasi-life-experience.webp\",\"contentUrl\":\"https:\/\/www.disenia.it\/thewellnesscollection\/wp-content\/uploads\/2026\/04\/oasi-life-experience.webp\",\"width\":1536,\"height\":1152},{\"@type\":\"WebSite\",\"@id\":\"https:\/\/www.disenia.it\/thewellnesscollection\/fr\/#website\",\"url\":\"https:\/\/www.disenia.it\/thewellnesscollection\/fr\/\",\"name\":\"The Wellness Collection\",\"description\":\"Una nuova interpretazione del concetto di benessere\",\"publisher\":{\"@id\":\"https:\/\/www.disenia.it\/thewellnesscollection\/fr\/#organization\"},\"alternateName\":\"L'interpretazione del benessere\",\"potentialAction\":[{\"@type\":\"SearchAction\",\"target\":{\"@type\":\"EntryPoint\",\"urlTemplate\":\"https:\/\/www.disenia.it\/thewellnesscollection\/fr\/?s={search_term_string}\"},\"query-input\":{\"@type\":\"PropertyValueSpecification\",\"valueRequired\":true,\"valueName\":\"search_term_string\"}}],\"inLanguage\":\"fr-FR\"},{\"@type\":\"Organization\",\"@id\":\"https:\/\/www.disenia.it\/thewellnesscollection\/fr\/#organization\",\"name\":\"Minipiscine, colonne doccia e accessori per l'esterno\",\"alternateName\":\"L'interpretazione del benessere\",\"url\":\"https:\/\/www.disenia.it\/thewellnesscollection\/fr\/\",\"logo\":{\"@type\":\"ImageObject\",\"inLanguage\":\"fr-FR\",\"@id\":\"https:\/\/www.disenia.it\/thewellnesscollection\/fr\/#\/schema\/logo\/image\/\",\"url\":\"https:\/\/www.disenia.it\/thewellnesscollection\/wp-content\/uploads\/2024\/03\/logo-generale-the-wellness-collection.png\",\"contentUrl\":\"https:\/\/www.disenia.it\/thewellnesscollection\/wp-content\/uploads\/2024\/03\/logo-generale-the-wellness-collection.png\",\"width\":1024,\"height\":1024,\"caption\":\"Minipiscine, colonne doccia e accessori per l'esterno\"},\"image\":{\"@id\":\"https:\/\/www.disenia.it\/thewellnesscollection\/fr\/#\/schema\/logo\/image\/\"},\"sameAs\":[\"https:\/\/it-it.facebook.com\/disenia\/\",\"https:\/\/www.instagram.com\/_disenia_\/\",\"https:\/\/www.youtube.com\/user\/IdeaGroupArredoBagno\",\"https:\/\/www.linkedin.com\/company\/ideagroup-srl\/\",\"https:\/\/www.archiproducts.com\/it\/disenia\"]},{\"@type\":\"Person\",\"@id\":\"https:\/\/www.disenia.it\/thewellnesscollection\/fr\/#\/schema\/person\/90f2439522f0ee4be01b3223c5887bcc\",\"name\":\"neiko\",\"image\":{\"@type\":\"ImageObject\",\"inLanguage\":\"fr-FR\",\"@id\":\"https:\/\/www.disenia.it\/thewellnesscollection\/fr\/#\/schema\/person\/image\/\",\"url\":\"https:\/\/secure.gravatar.com\/avatar\/c7744e9ccd9934002baf14b7b2142d59bae96b2fa84595b48aa9775efd3962d9?s=96&d=mm&r=g\",\"contentUrl\":\"https:\/\/secure.gravatar.com\/avatar\/c7744e9ccd9934002baf14b7b2142d59bae96b2fa84595b48aa9775efd3962d9?s=96&d=mm&r=g\",\"caption\":\"neiko\"},\"sameAs\":[\"https:\/\/www.disenia.it\/thewellnesscollection\"]}]}<\/script>\n<!-- \/ Yoast SEO plugin. -->","yoast_head_json":{"title":"The Wellness Collection \u00e0 l'Oasi Life Experience - The Wellness Collection","description":"Du 21 au 26 avril, \u00e0 l\u2019occasion de la Milan Design Week un \u00e9v\u00e9nement promu par la R\u00e9gion Lombardie et DDN \u2013 Design Diffusion News.","robots":{"index":"index","follow":"follow","max-snippet":"max-snippet:-1","max-image-preview":"max-image-preview:large","max-video-preview":"max-video-preview:-1"},"canonical":"https:\/\/www.disenia.it\/thewellnesscollection\/fr\/the-wellness-collection-a-loasi-life-experience\/","og_locale":"fr_FR","og_type":"article","og_title":"The Wellness Collection \u00e0 l'Oasi Life Experience - The Wellness Collection","og_description":"Du 21 au 26 avril, \u00e0 l\u2019occasion de la Milan Design Week un \u00e9v\u00e9nement promu par la R\u00e9gion Lombardie et DDN \u2013 Design Diffusion News.","og_url":"https:\/\/www.disenia.it\/thewellnesscollection\/fr\/the-wellness-collection-a-loasi-life-experience\/","og_site_name":"The Wellness Collection","article_publisher":"https:\/\/it-it.facebook.com\/disenia\/","article_published_time":"2026-04-16T06:45:51+00:00","article_modified_time":"2026-04-20T10:12:21+00:00","og_image":[{"width":1536,"height":1152,"url":"https:\/\/www.disenia.it\/thewellnesscollection\/wp-content\/uploads\/2026\/04\/oasi-life-experience.webp","type":"image\/webp"}],"author":"neiko","twitter_card":"summary_large_image","twitter_misc":{"\u00c9crit par":"neiko","Dur\u00e9e de lecture estim\u00e9e":"1 minute"},"schema":{"@context":"https:\/\/schema.org","@graph":[{"@type":"Article","@id":"https:\/\/www.disenia.it\/thewellnesscollection\/fr\/the-wellness-collection-a-loasi-life-experience\/#article","isPartOf":{"@id":"https:\/\/www.disenia.it\/thewellnesscollection\/fr\/the-wellness-collection-a-loasi-life-experience\/"},"author":{"name":"neiko","@id":"https:\/\/www.disenia.it\/thewellnesscollection\/fr\/#\/schema\/person\/90f2439522f0ee4be01b3223c5887bcc"},"headline":"The Wellness Collection \u00e0 l&rsquo;Oasi Life Experience","datePublished":"2026-04-16T06:45:51+00:00","dateModified":"2026-04-20T10:12:21+00:00","mainEntityOfPage":{"@id":"https:\/\/www.disenia.it\/thewellnesscollection\/fr\/the-wellness-collection-a-loasi-life-experience\/"},"wordCount":124,"publisher":{"@id":"https:\/\/www.disenia.it\/thewellnesscollection\/fr\/#organization"},"image":{"@id":"https:\/\/www.disenia.it\/thewellnesscollection\/fr\/the-wellness-collection-a-loasi-life-experience\/#primaryimage"},"thumbnailUrl":"https:\/\/www.disenia.it\/thewellnesscollection\/wp-content\/uploads\/2026\/04\/oasi-life-experience.webp","articleSection":["Non classifi\u00e9(e)"],"inLanguage":"fr-FR"},{"@type":"WebPage","@id":"https:\/\/www.disenia.it\/thewellnesscollection\/fr\/the-wellness-collection-a-loasi-life-experience\/","url":"https:\/\/www.disenia.it\/thewellnesscollection\/fr\/the-wellness-collection-a-loasi-life-experience\/","name":"The Wellness Collection \u00e0 l'Oasi Life Experience - The Wellness Collection","isPartOf":{"@id":"https:\/\/www.disenia.it\/thewellnesscollection\/fr\/#website"},"primaryImageOfPage":{"@id":"https:\/\/www.disenia.it\/thewellnesscollection\/fr\/the-wellness-collection-a-loasi-life-experience\/#primaryimage"},"image":{"@id":"https:\/\/www.disenia.it\/thewellnesscollection\/fr\/the-wellness-collection-a-loasi-life-experience\/#primaryimage"},"thumbnailUrl":"https:\/\/www.disenia.it\/thewellnesscollection\/wp-content\/uploads\/2026\/04\/oasi-life-experience.webp","datePublished":"2026-04-16T06:45:51+00:00","dateModified":"2026-04-20T10:12:21+00:00","description":"Du 21 au 26 avril, \u00e0 l\u2019occasion de la Milan Design Week un \u00e9v\u00e9nement promu par la R\u00e9gion Lombardie et DDN \u2013 Design Diffusion News.","inLanguage":"fr-FR","potentialAction":[{"@type":"ReadAction","target":["https:\/\/www.disenia.it\/thewellnesscollection\/fr\/the-wellness-collection-a-loasi-life-experience\/"]}]},{"@type":"ImageObject","inLanguage":"fr-FR","@id":"https:\/\/www.disenia.it\/thewellnesscollection\/fr\/the-wellness-collection-a-loasi-life-experience\/#primaryimage","url":"https:\/\/www.disenia.it\/thewellnesscollection\/wp-content\/uploads\/2026\/04\/oasi-life-experience.webp","contentUrl":"https:\/\/www.disenia.it\/thewellnesscollection\/wp-content\/uploads\/2026\/04\/oasi-life-experience.webp","width":1536,"height":1152},{"@type":"WebSite","@id":"https:\/\/www.disenia.it\/thewellnesscollection\/fr\/#website","url":"https:\/\/www.disenia.it\/thewellnesscollection\/fr\/","name":"The Wellness Collection","description":"Una nuova interpretazione del concetto di benessere","publisher":{"@id":"https:\/\/www.disenia.it\/thewellnesscollection\/fr\/#organization"},"alternateName":"L'interpretazione del benessere","potentialAction":[{"@type":"SearchAction","target":{"@type":"EntryPoint","urlTemplate":"https:\/\/www.disenia.it\/thewellnesscollection\/fr\/?s={search_term_string}"},"query-input":{"@type":"PropertyValueSpecification","valueRequired":true,"valueName":"search_term_string"}}],"inLanguage":"fr-FR"},{"@type":"Organization","@id":"https:\/\/www.disenia.it\/thewellnesscollection\/fr\/#organization","name":"Minipiscine, colonne doccia e accessori per l'esterno","alternateName":"L'interpretazione del benessere","url":"https:\/\/www.disenia.it\/thewellnesscollection\/fr\/","logo":{"@type":"ImageObject","inLanguage":"fr-FR","@id":"https:\/\/www.disenia.it\/thewellnesscollection\/fr\/#\/schema\/logo\/image\/","url":"https:\/\/www.disenia.it\/thewellnesscollection\/wp-content\/uploads\/2024\/03\/logo-generale-the-wellness-collection.png","contentUrl":"https:\/\/www.disenia.it\/thewellnesscollection\/wp-content\/uploads\/2024\/03\/logo-generale-the-wellness-collection.png","width":1024,"height":1024,"caption":"Minipiscine, colonne doccia e accessori per l'esterno"},"image":{"@id":"https:\/\/www.disenia.it\/thewellnesscollection\/fr\/#\/schema\/logo\/image\/"},"sameAs":["https:\/\/it-it.facebook.com\/disenia\/","https:\/\/www.instagram.com\/_disenia_\/","https:\/\/www.youtube.com\/user\/IdeaGroupArredoBagno","https:\/\/www.linkedin.com\/company\/ideagroup-srl\/","https:\/\/www.archiproducts.com\/it\/disenia"]},{"@type":"Person","@id":"https:\/\/www.disenia.it\/thewellnesscollection\/fr\/#\/schema\/person\/90f2439522f0ee4be01b3223c5887bcc","name":"neiko","image":{"@type":"ImageObject","inLanguage":"fr-FR","@id":"https:\/\/www.disenia.it\/thewellnesscollection\/fr\/#\/schema\/person\/image\/","url":"https:\/\/secure.gravatar.com\/avatar\/c7744e9ccd9934002baf14b7b2142d59bae96b2fa84595b48aa9775efd3962d9?s=96&d=mm&r=g","contentUrl":"https:\/\/secure.gravatar.com\/avatar\/c7744e9ccd9934002baf14b7b2142d59bae96b2fa84595b48aa9775efd3962d9?s=96&d=mm&r=g","caption":"neiko"},"sameAs":["https:\/\/www.disenia.it\/thewellnesscollection"]}]}},"_links":{"self":[{"href":"https:\/\/www.disenia.it\/thewellnesscollection\/fr\/wp-json\/wp\/v2\/posts\/29356","targetHints":{"allow":["GET"]}}],"collection":[{"href":"https:\/\/www.disenia.it\/thewellnesscollection\/fr\/wp-json\/wp\/v2\/posts"}],"about":[{"href":"https:\/\/www.disenia.it\/thewellnesscollection\/fr\/wp-json\/wp\/v2\/types\/post"}],"author":[{"embeddable":true,"href":"https:\/\/www.disenia.it\/thewellnesscollection\/fr\/wp-json\/wp\/v2\/users\/1"}],"replies":[{"embeddable":true,"href":"https:\/\/www.disenia.it\/thewellnesscollection\/fr\/wp-json\/wp\/v2\/comments?post=29356"}],"version-history":[{"count":2,"href":"https:\/\/www.disenia.it\/thewellnesscollection\/fr\/wp-json\/wp\/v2\/posts\/29356\/revisions"}],"predecessor-version":[{"id":29359,"href":"https:\/\/www.disenia.it\/thewellnesscollection\/fr\/wp-json\/wp\/v2\/posts\/29356\/revisions\/29359"}],"wp:featuredmedia":[{"embeddable":true,"href":"https:\/\/www.disenia.it\/thewellnesscollection\/fr\/wp-json\/wp\/v2\/media\/29342"}],"wp:attachment":[{"href":"https:\/\/www.disenia.it\/thewellnesscollection\/fr\/wp-json\/wp\/v2\/media?parent=29356"}],"wp:term":[{"taxonomy":"category","embeddable":true,"href":"https:\/\/www.disenia.it\/thewellnesscollection\/fr\/wp-json\/wp\/v2\/categories?post=29356"}],"curies":[{"name":"wp","href":"https:\/\/api.w.org\/{rel}","templated":true}]}}